{"id":268,"date":"2026-03-07T12:17:31","date_gmt":"2026-03-07T15:17:31","guid":{"rendered":"https:\/\/organizativa.com.br\/blog\/?p=268"},"modified":"2026-03-07T12:17:31","modified_gmt":"2026-03-07T15:17:31","slug":"entre-o-discurso-e-a-estrutura-os-desafios-das-mulheres-no-ambiente-corporativo","status":"publish","type":"post","link":"https:\/\/organizativa.com.br\/blog\/2026\/03\/07\/entre-o-discurso-e-a-estrutura-os-desafios-das-mulheres-no-ambiente-corporativo\/","title":{"rendered":"Entre o discurso e a estrutura: os desafios das mulheres no ambiente corporativo"},"content":{"rendered":"\n<p>O discurso empresarial contempor\u00e2neo celebra a ascens\u00e3o feminina \u00e0 lideran\u00e7a como sinal de progresso. Relat\u00f3rios apresentam n\u00fameros positivos, campanhas refor\u00e7am a import\u00e2ncia da diversidade e o tema da inclus\u00e3o ganhou espa\u00e7o nas agendas corporativas. Ainda assim, por tr\u00e1s desses avan\u00e7os, existe um esfor\u00e7o silencioso que sustenta essa presen\u00e7a feminina: a adapta\u00e7\u00e3o constante a um modelo organizacional que n\u00e3o foi originalmente estruturado para contemplar m\u00faltiplas responsabilidades.<\/p>\n\n\n\n<p>A maioria das mulheres n\u00e3o deseja escolher entre carreira e fam\u00edlia. O que buscam \u00e9 a possibilidade de exercer ambos os pap\u00e9is com legitimidade, sem a necessidade de justificar continuamente suas prioridades. O desafio n\u00e3o est\u00e1 na ambi\u00e7\u00e3o feminina, mas em estruturas que ainda associam responsabilidades familiares a uma suposta redu\u00e7\u00e3o de comprometimento profissional.<\/p>\n\n\n\n<p>\u00c9 importante reconhecer que contratar mulheres \u00e9 um passo relevante, mas n\u00e3o suficiente. Transforma\u00e7\u00e3o cultural vai al\u00e9m da representatividade. Ambientes que valorizam exclusivamente longas jornadas, disponibilidade irrestrita e resist\u00eancia constante acabam refor\u00e7ando um padr\u00e3o que nem sempre considera a complexidade da vida adulta.<\/p>\n\n\n\n<p>Para que haja mudan\u00e7a real, algumas premissas precisam ser revistas. Flexibilidade n\u00e3o pode ser benef\u00edcio informal concedido apenas a quem j\u00e1 provou valor. Parentalidade n\u00e3o pode ser tema exclusivo das mulheres e seguran\u00e7a psicol\u00f3gica precisa ser constru\u00edda no cotidiano, e n\u00e3o apenas discutida em treinamentos.<\/p>\n\n\n\n<p>A equidade se consolida quando a vida fora do escrit\u00f3rio deixa de ser vista como obst\u00e1culo e passa a ser reconhecida como parte leg\u00edtima da identidade profissional. A mudan\u00e7a real acontece quando compet\u00eancia e humanidade deixam de ser percebidas como opostas e passam a caminhar juntas.<\/p>\n\n\n\n<p>Aline Agatti<br>Organizativa Consultoria Empresarial<br>aline.agatti@gmail.com<br>@aline.agatti<\/p>\n\n\n\n<p>Jornal Design Serra (Bento Gon\u00e7alves\/RS) \u2013 mar\u00e7o\/2026<\/p>\n","protected":false},"excerpt":{"rendered":"<p>O discurso empresarial contempor\u00e2neo celebra a ascens\u00e3o feminina \u00e0 lideran\u00e7a como sinal de progresso. Relat\u00f3rios apresentam n\u00fameros positivos, campanhas refor\u00e7am a import\u00e2ncia da diversidade e o tema da inclus\u00e3o ganhou&#8230;<\/p>\n","protected":false},"author":1,"featured_media":0,"comment_status":"open","ping_status":"open","sticky":false,"template":"","format":"standard","meta":{"footnotes":""},"categories":[3],"tags":[],"class_list":["post-268","post","type-post","status-publish","format-standard","hentry","category-negocios-e-afins"],"_links":{"self":[{"href":"https:\/\/organizativa.com.br\/blog\/wp-json\/wp\/v2\/posts\/268","targetHints":{"allow":["GET"]}}],"collection":[{"href":"https:\/\/organizativa.com.br\/blog\/wp-json\/wp\/v2\/posts"}],"about":[{"href":"https:\/\/organizativa.com.br\/blog\/wp-json\/wp\/v2\/types\/post"}],"author":[{"embeddable":true,"href":"https:\/\/organizativa.com.br\/blog\/wp-json\/wp\/v2\/users\/1"}],"replies":[{"embeddable":true,"href":"https:\/\/organizativa.com.br\/blog\/wp-json\/wp\/v2\/comments?post=268"}],"version-history":[{"count":1,"href":"https:\/\/organizativa.com.br\/blog\/wp-json\/wp\/v2\/posts\/268\/revisions"}],"predecessor-version":[{"id":269,"href":"https:\/\/organizativa.com.br\/blog\/wp-json\/wp\/v2\/posts\/268\/revisions\/269"}],"wp:attachment":[{"href":"https:\/\/organizativa.com.br\/blog\/wp-json\/wp\/v2\/media?parent=268"}],"wp:term":[{"taxonomy":"category","embeddable":true,"href":"https:\/\/organizativa.com.br\/blog\/wp-json\/wp\/v2\/categories?post=268"},{"taxonomy":"post_tag","embeddable":true,"href":"https:\/\/organizativa.com.br\/blog\/wp-json\/wp\/v2\/tags?post=268"}],"curies":[{"name":"wp","href":"https:\/\/api.w.org\/{rel}","templated":true}]}}